{"id":680,"date":"2013-06-06T10:28:37","date_gmt":"2013-06-06T08:28:37","guid":{"rendered":"http:\/\/vfl-oberlahr-flammersfeld.de\/wp\/?p=680"},"modified":"2013-06-30T19:01:33","modified_gmt":"2013-06-30T17:01:33","slug":"rhein-zeitung-vom-06-06-2013","status":"publish","type":"post","link":"http:\/\/www.vfl-oberlahr-flammersfeld.de\/wp\/2013\/06\/06\/rhein-zeitung-vom-06-06-2013\/","title":{"rendered":"Rhein-Zeitung vom 06.06.2013"},"content":{"rendered":"<div id=\"searchresult\">\n<div>\n<h1 align=\"justify\"><span style=\"text-decoration: underline;\"><b>Angriffstrio schie\u00dft Rengsdorf in die A-Klasse<\/b><\/span><\/h1>\n<\/div>\n<div>\n<h1 align=\"justify\"><b>Fu\u00dfball\u00a0<\/b>Schwer erk\u00e4mpftes 3:2 gegen den\u00a0VfL Oberlahr beschert dem SVR den Aufstieg<\/h1>\n<\/div>\n<div>\n<p align=\"justify\">Von unserem Redakteur\u00a0Stefan Kieffer<\/p>\n<p align=\"justify\"><strong>Rengsdorf.<\/strong>\u00a0Der SV Rengsdorf hat es geschafft. Durch einen schwer erk\u00e4mpften, aber letztlich verdienten 3:2 (1:2)-Sieg \u00fcber den VfL Oberlahr-Flammersfeld im Duell der beiden B-Klassen-Zweiten steigt der Nord-Vertreter in die Kreisliga A auf. Da auch die zweite Mannschaft der Rengsdorfer den Sprung von der D- in die C-Klasse geschafft hat, k\u00fcndigte SVR-Betreuer J\u00f6rg Bergmann bereits weitere Festivit\u00e4ten an: \u201eAm 16. Juni feiern wir ganz offiziell den Doppel-Aufstieg!\u201c<!--more--><\/p>\n<p align=\"justify\">Doch es war ein hartes St\u00fcck Arbeit, ehe die Gastgeber vor mehr als 400 Zuschauern jubeln durften. Im ersten Durchgang zeigten die G\u00e4ste mehr Spielkultur und hatten die besseren Chancen \u2013 die erste schon in der 3. Minute, als Andre Fischer frei vor SVR-Torwart Hendrik Munz scheiterte. \u201eDa waren wir zu nerv\u00f6s\u201c, analysierte Rengsdorfs Trainer Erich Langhard \u2013 und durfte doch das 1:0 bejubeln, das Julian Holzinger nach sch\u00f6ner Kombination \u00fcber Florian Dietz und Mirko Anh\u00e4user in der 17. Minute erzielte. Womit die drei besten und wirkungsvollsten Rengsdorfer Akteure neben dem kompromisslosen Abwehrchef Fabian Schmidt bereits genannt w\u00e4ren.<\/p>\n<p align=\"justify\">Doch die Oberlahrer schlugen prompt zur\u00fcck, und das gleich doppelt. Beim 1:1 durfte sich Andre Fischer im Strafraum die Ecke aussuchen (20.), dann gelang ihm ein wahres Traumtor, als er eine Flanke volley per Seitfallzieher in den Winkel schmetterte (25.). Und als Munz kurz vor der Pause einen m\u00e4chtigen Freisto\u00df von Ivica Grbavac gerade so \u00fcber die Latte boxte, waren die Rengsdorfer mit dem 1:2 zur Pause sogar noch gut bedient.<\/p>\n<p align=\"justify\">Doch nach dem Wechsel drehten sie auf. Erst traf Dietz nur die Latte (48.), dann stocherte er den Ball aus dem Strafraumgew\u00fchl ins lange Eck zum 2:2 (54.). \u201eEin komisches Tor\u201c, \u00e4rgerte sich G\u00e4stetrainer Heinz Josef Klein, der nach dieser Saison seinen Posten an Guido Schiffers abgibt: \u201e35 Jahre sind genug.\u201c Die Kr\u00f6nung seiner Schaffenszeit blieb ihm verwehrt.<\/p>\n<p align=\"justify\">Das Remis h\u00e4tte den Rengsdorfern zum Aufstieg gereicht, und gegen die verzweifelt, aber zunehmend kopflos anrennenden Oberlahrer ergaben sich nun Konterchancen en masse. Eine davon nutzte Anh\u00e4user nach Querpass von Dietz zum entscheidenden 3:2 (79.) \u2013 der Rest war Jubel.<\/p>\n<p align=\"justify\">\u201eIch habe immer daran geglaubt\u201c, versicherte Rengsdorfs Trainer Erich Langhard, \u201eich wei\u00df, wozu meine Mannschaft in der Lage ist, Wir haben viele Spiele umgebogen, das spricht f\u00fcr unseren sensationellen Teamgeist.\u201c Der soll die Rengsdorfer auch in der h\u00f6heren Klasse befl\u00fcgeln: \u201eWir k\u00f6nnen in der A-Klasse ganz befreit aufspielen\u201c, freut sich Langhard auf die neue Herausforderung.<\/p>\n<p align=\"justify\"><strong>SV Rengsdorf:\u00a0<\/strong>Munz \u2013 Blum (ab 69. Hermann), Pendovski, Schmidt, Kropf (ab 75. Weber) \u2013 Paulus, St\u00fcber \u2013 Dietz, Anh\u00e4user (ab 90. Matthias Walinowicz), Bartz \u2013 Holzinger.<\/p>\n<p align=\"justify\"><strong>VfL Oberlahr-Flammersfeld:\u00a0<\/strong>Tran \u2013 M\u00fcller, Grbavac, Benjamin vom Dorf, Hauptmeier \u2013 Wilfert, Dortmann \u2013 Andre Fischer, Fiedler (ab 80. Feldt), Christian Fischer \u2013 Fabian Fischer.<\/p>\n<p align=\"justify\"><strong>Schiedsrichter:<\/strong>\u00a0Lukas Heep (Neuwied).\u00a0<strong>Zuschauer:<\/strong>\u00a0450.<\/p>\n<\/div>\n<\/div>\n<div>RZ Linz, Neuwied vom Donnerstag, 6. Juni 2013, Seite 14<\/div>\n","protected":false},"excerpt":{"rendered":"<p>Angriffstrio schie\u00dft Rengsdorf in die A-Klasse Fu\u00dfball\u00a0Schwer erk\u00e4mpftes 3:2 gegen den\u00a0VfL Oberlahr beschert dem SVR den Aufstieg Von unserem Redakteur\u00a0Stefan Kieffer Rengsdorf.\u00a0Der SV Rengsdorf hat es geschafft. Durch einen schwer [&hellip;]<\/p>\n","protected":false},"author":1,"featured_media":0,"comment_status":"closed","ping_status":"closed","sticky":false,"template":"","format":"standard","meta":{"_jetpack_memberships_contains_paid_content":false,"footnotes":"","jetpack_publicize_message":"","jetpack_publicize_feature_enabled":true,"jetpack_social_post_already_shared":false,"jetpack_social_options":{"image_generator_settings":{"template":"highway","default_image_id":0,"font":"","enabled":false},"version":2}},"categories":[7,3],"tags":[],"class_list":["post-680","post","type-post","status-publish","format-standard","hentry","category-1-mannschaft","category-rhein-zeitung"],"jetpack_publicize_connections":[],"jetpack_featured_media_url":"","jetpack_sharing_enabled":true,"jetpack_shortlink":"https:\/\/wp.me\/p8UQRh-aY","_links":{"self":[{"href":"http:\/\/www.vfl-oberlahr-flammersfeld.de\/wp\/wp-json\/wp\/v2\/posts\/680","targetHints":{"allow":["GET"]}}],"collection":[{"href":"http:\/\/www.vfl-oberlahr-flammersfeld.de\/wp\/wp-json\/wp\/v2\/posts"}],"about":[{"href":"http:\/\/www.vfl-oberlahr-flammersfeld.de\/wp\/wp-json\/wp\/v2\/types\/post"}],"author":[{"embeddable":true,"href":"http:\/\/www.vfl-oberlahr-flammersfeld.de\/wp\/wp-json\/wp\/v2\/users\/1"}],"replies":[{"embeddable":true,"href":"http:\/\/www.vfl-oberlahr-flammersfeld.de\/wp\/wp-json\/wp\/v2\/comments?post=680"}],"version-history":[{"count":6,"href":"http:\/\/www.vfl-oberlahr-flammersfeld.de\/wp\/wp-json\/wp\/v2\/posts\/680\/revisions"}],"predecessor-version":[{"id":785,"href":"http:\/\/www.vfl-oberlahr-flammersfeld.de\/wp\/wp-json\/wp\/v2\/posts\/680\/revisions\/785"}],"wp:attachment":[{"href":"http:\/\/www.vfl-oberlahr-flammersfeld.de\/wp\/wp-json\/wp\/v2\/media?parent=680"}],"wp:term":[{"taxonomy":"category","embeddable":true,"href":"http:\/\/www.vfl-oberlahr-flammersfeld.de\/wp\/wp-json\/wp\/v2\/categories?post=680"},{"taxonomy":"post_tag","embeddable":true,"href":"http:\/\/www.vfl-oberlahr-flammersfeld.de\/wp\/wp-json\/wp\/v2\/tags?post=680"}],"curies":[{"name":"wp","href":"https:\/\/api.w.org\/{rel}","templated":true}]}}