{"id":3602,"date":"2015-08-17T12:14:35","date_gmt":"2015-08-17T10:14:35","guid":{"rendered":"http:\/\/www.vfl-oberlahr-flammersfeld.de\/wp\/?p=3602"},"modified":"2015-08-17T12:14:35","modified_gmt":"2015-08-17T10:14:35","slug":"sv-windhagen-ii-vfl-i-01-00","status":"publish","type":"post","link":"http:\/\/www.vfl-oberlahr-flammersfeld.de\/wp\/2015\/08\/17\/sv-windhagen-ii-vfl-i-01-00\/","title":{"rendered":"SV Windhagen II  &#8211;  VfL I  0:1 (0:0)"},"content":{"rendered":"<p><span style=\"text-decoration: underline; font-size: 12pt;\"><strong>Freisto\u00df-Hammer bringt Auftaktsieg f\u00fcr den VfL<\/strong><\/span><\/p>\n<p>Nach einer durchwachsenen Vorbereitung ging es f\u00fcr die 1. Mannschaft des VfL zum Aufsteiger Windhagen II. Trainer Michael Pieta konnte erstmals nahezu aus dem Vollen sch\u00f6pfen. Anders als in der Vorbereitung konzentrierte sich der VfL auf seine stabile Defensive, die auch in der vergangenen Saison das Prunkst\u00fcck darstellte. So wurden die meisten Angriffe der Gastgeber bereits fr\u00fchzeitig abgefangen. In der Offensive probierte man durch schnelles Umschalten den Gegner unter Druck zu setzen. Dies gelang in einigen Situationen auch sehr gut, jedoch scheiterte man letztendlich immer wieder am guten Schlussmann der Gastgeber. So ging man mit einem torlosen Unentschieden in die Kabine.<\/p>\n<p>Nach dem Seitenwechsel kam der VfL besser aus der Kabine und setzte Windhagen unter Druck. Als der Schiedsrichter in der 53. Minute auf Freisto\u00df an der Strafraumkante der Windhagener entschied, legte sich Benjamin vom Dorf den Ball zurecht und drosch ihn unhaltbar in den linken Winkel zur nicht unverdienten F\u00fchrung. In der Folgezeit probierte Windhagen zwar mehr, kam aber kaum in den Strafraum des VfL. So hatte VfL-Schlussmann Max vom Dorf einen vergleichsweise ruhigen Tag. Der VfL hingegen verpasste es bei einigen Kontersituationen den Sack zu zu machen, sodass man bis zum Schlusspfiff um den Sieg zittern musste.<\/p>\n<p>F\u00fcr den VfL spielten: Maximilian vom Dorf, Christoph Hauptmeier, Benjamin vom Dorf, Ralf M\u00fcller, Patrick Wilfert, Janik Gahlmann, Malte Hinz, Christian Fischer (Fabio Jochim), Yannick Pieta (Dominik Noll), Fabian Fischer, Dennis Porombka.<\/p>\n","protected":false},"excerpt":{"rendered":"<p>Freisto\u00df-Hammer bringt Auftaktsieg f\u00fcr den VfL Nach einer durchwachsenen Vorbereitung ging es f\u00fcr die 1. Mannschaft des VfL zum Aufsteiger Windhagen II. Trainer Michael Pieta konnte erstmals nahezu aus dem [&hellip;]<\/p>\n","protected":false},"author":1,"featured_media":3603,"comment_status":"closed","ping_status":"closed","sticky":false,"template":"","format":"standard","meta":{"_jetpack_memberships_contains_paid_content":false,"footnotes":"","jetpack_publicize_message":"","jetpack_publicize_feature_enabled":true,"jetpack_social_post_already_shared":false,"jetpack_social_options":{"image_generator_settings":{"template":"highway","default_image_id":0,"font":"","enabled":false},"version":2}},"categories":[7,4],"tags":[],"class_list":["post-3602","post","type-post","status-publish","format-standard","has-post-thumbnail","hentry","category-1-mannschaft","category-news"],"jetpack_publicize_connections":[],"jetpack_featured_media_url":"https:\/\/i0.wp.com\/www.vfl-oberlahr-flammersfeld.de\/wp\/wp-content\/uploads\/SVWindhagenII-VfLI.jpg?fit=647%2C253","jetpack_sharing_enabled":true,"jetpack_shortlink":"https:\/\/wp.me\/p8UQRh-W6","_links":{"self":[{"href":"http:\/\/www.vfl-oberlahr-flammersfeld.de\/wp\/wp-json\/wp\/v2\/posts\/3602","targetHints":{"allow":["GET"]}}],"collection":[{"href":"http:\/\/www.vfl-oberlahr-flammersfeld.de\/wp\/wp-json\/wp\/v2\/posts"}],"about":[{"href":"http:\/\/www.vfl-oberlahr-flammersfeld.de\/wp\/wp-json\/wp\/v2\/types\/post"}],"author":[{"embeddable":true,"href":"http:\/\/www.vfl-oberlahr-flammersfeld.de\/wp\/wp-json\/wp\/v2\/users\/1"}],"replies":[{"embeddable":true,"href":"http:\/\/www.vfl-oberlahr-flammersfeld.de\/wp\/wp-json\/wp\/v2\/comments?post=3602"}],"version-history":[{"count":1,"href":"http:\/\/www.vfl-oberlahr-flammersfeld.de\/wp\/wp-json\/wp\/v2\/posts\/3602\/revisions"}],"predecessor-version":[{"id":3604,"href":"http:\/\/www.vfl-oberlahr-flammersfeld.de\/wp\/wp-json\/wp\/v2\/posts\/3602\/revisions\/3604"}],"wp:featuredmedia":[{"embeddable":true,"href":"http:\/\/www.vfl-oberlahr-flammersfeld.de\/wp\/wp-json\/wp\/v2\/media\/3603"}],"wp:attachment":[{"href":"http:\/\/www.vfl-oberlahr-flammersfeld.de\/wp\/wp-json\/wp\/v2\/media?parent=3602"}],"wp:term":[{"taxonomy":"category","embeddable":true,"href":"http:\/\/www.vfl-oberlahr-flammersfeld.de\/wp\/wp-json\/wp\/v2\/categories?post=3602"},{"taxonomy":"post_tag","embeddable":true,"href":"http:\/\/www.vfl-oberlahr-flammersfeld.de\/wp\/wp-json\/wp\/v2\/tags?post=3602"}],"curies":[{"name":"wp","href":"https:\/\/api.w.org\/{rel}","templated":true}]}}